{"id":1932,"date":"2026-03-06T23:42:29","date_gmt":"2026-03-06T22:42:29","guid":{"rendered":"https:\/\/skola-zdar.cz\/ms\/?p=1932"},"modified":"2026-03-06T23:49:34","modified_gmt":"2026-03-06T22:49:34","slug":"plan-skolnich-a-mimoskolnich-akci-2-pololeti-skolniho-roku-2025-26","status":"publish","type":"post","link":"https:\/\/skola-zdar.cz\/ms\/2026\/03\/06\/plan-skolnich-a-mimoskolnich-akci-2-pololeti-skolniho-roku-2025-26\/","title":{"rendered":"Pl\u00e1n \u0161koln\u00edch a mimo\u0161koln\u00edch akc\u00ed 2. pol. \u0161koln\u00edho roku 2025\/26"},"content":{"rendered":"<p><em>term\u00edny, pokud nejsou stanoveny, budou v\u010das zve\u0159ejn\u011bny<\/em><\/p>\n<p><strong>\u00danor<\/strong><\/p>\n<ul>\n<li>18.2.2026 \u2013 divadlo Kolob\u011b\u017eka v\u00a0mate\u0159sk\u00e9 \u0161kole \u2013 poh\u00e1dka O kohoutkovi a slepi\u010dce, za\u010d\u00e1tek v\u00a008:00 hodin<\/li>\n<\/ul>\n<p><strong>B\u0159ezen<\/strong><\/p>\n<ul>\n<li>6.3.2026 \u2013 kytarov\u00fd koncert v M\u0160 \u2013 sezn\u00e1men\u00ed s hudbou v\u00e1\u017en\u011b i nev\u00e1\u017en\u011b, od 10:00 hodin<\/li>\n<li>19.3.2026 \u2013 projektov\u00e9 dopoledne v M\u0160 ,,Zachra\u0148 kamar\u00e1da\u201c \u2013 nau\u010d\u00edme se , co to znamen\u00e1 prvn\u00ed pomoc a tak\u00e9 si to vyzkou\u0161\u00edme v \u010dase od 10:00 hodin<\/li>\n<li>23.3. p\u0159ed\u0161kol\u00e1ci v Z\u0160 \u017d\u010f\u00e1r \u2013 spolu s kamar\u00e1dy ze 4. ro\u010dn\u00edku vynesou Moranu, organizace projektov\u00e9ho dopoledne bude up\u0159esn\u011bna<\/li>\n<li>24.3. \u2013 Den otev\u0159en\u00fdch dve\u0159\u00ed v M\u0160 \u2013 od 15:00 do 17:00 hodin<\/li>\n<\/ul>\n<p><strong>Duben<\/strong><\/p>\n<ul>\n<li>N\u00e1v\u0161t\u011bva p\u0159ed\u0161kol\u00e1k\u016f M\u011bstsk\u00e9 knihovny v Mnichov\u011b Hradi\u0161ti \u2013 term\u00edn bude dopln\u011bn<\/li>\n<\/ul>\n<p><strong>Kv\u011bten<\/strong><\/p>\n<ul>\n<li>25.5. projektov\u00e9 dopoledne ,,O \u017e\u00ed\u017eale z kompostu\u201c pod veden\u00edm lektorky v M\u0160 od 9:00 hod.<\/li>\n<li>13.5. odj\u00ed\u017ed\u00edme s p\u0159ed\u0161kol\u00e1ky do M\u011bstsk\u00e9 knihovny v Mnichov\u011b Hradi\u0161ti \u2013 odchod na vlak v 07:00. hodin<\/li>\n<\/ul>\n<p><strong>\u010cerven<\/strong><\/p>\n<ul>\n<li>1.6. \u2013 projektov\u00e9 dopoledne v M\u0160 ,,Voda, vod\u011bnka\u201c pod veden\u00ed lektorky v M\u0160 od 9:00 hod.<\/li>\n<li>\u0160koln\u00ed v\u00fdlet za sk\u0159\u00edtky hradu Kost a \u00fadol\u00ed Plak\u00e1nku \u2013 term\u00edn a organizace bude up\u0159esn\u011bna<\/li>\n<li>N\u00e1v\u0161t\u011bva \u017e\u00e1k\u016f 4. ro\u010dn\u00edku v\u00a0M\u0160 \u2013 spolu s\u00a0p\u0159ed\u0161kol\u00e1ky \u2013 Stav\u00edme hrady z\u00a0p\u00edsku \u2013 term\u00edn bude dopln\u011bn dle klimatick\u00fdch podm\u00ednek<\/li>\n<li>10.6. projektov\u00e9 dopoledne v M\u0160 pro star\u0161\u00ed d\u011bti s lektorem \u2013 Digi bez digi od 8:30 hodin<\/li>\n<\/ul>\n<hr \/>\n<p><strong>Pl\u00e1n akc\u00ed podle z\u00e1jm\u016f, dovednost\u00ed a p\u0159\u00e1n\u00ed d\u011bt\u00ed ve t\u0159\u00edd\u011b:<\/strong><\/p>\n<p><strong>\u017dabi\u010dek\u00a0\u00a0\u00a0\u00a0\u00a0\u00a0\u00a0\u00a0\u00a0\u00a0\u00a0\u00a0\u00a0\u00a0\u00a0\u00a0\u00a0\u00a0\u00a0\u00a0\u00a0\u00a0\u00a0\u00a0\u00a0\u00a0\u00a0\u00a0\u00a0\u00a0\u00a0\u00a0\u00a0\u00a0\u00a0\u00a0\u00a0\u00a0\u00a0\u00a0\u00a0\u00a0\u00a0\u00a0\u00a0\u00a0\u00a0\u00a0\u00a0\u00a0\u00a0\u00a0\u00a0\u00a0\u00a0\u00a0\u00a0\u00a0\u00a0\u00a0\u00a0\u00a0\u00a0\u00a0\u00a0\u00a0\u00a0\u00a0\u00a0\u00a0\u00a0\u00a0\u00a0\u00a0\u00a0\u00a0\u00a0\u00a0\u00a0\u00a0\u00a0\u00a0\u00a0\u00a0\u00a0\u00a0\u00a0\u00a0\u00a0\u00a0\u00a0\u00a0\u00a0\u00a0\u00a0\u00a0\u00a0\u00a0\u00a0\u00a0\u00a0\u00a0\u00a0\u00a0\u00a0\u00a0\u00a0\u00a0\u00a0\u00a0\u00a0\u00a0\u00a0\u00a0\u00a0\u00a0\u00a0\u00a0\u00a0\u00a0\u00a0\u00a0\u00a0\u00a0\u00a0\u00a0\u00a0\u00a0\u00a0\u00a0\u00a0\u00a0\u00a0\u00a0\u00a0\u00a0\u00a0\u00a0\u00a0\u00a0\u00a0\u00a0 <\/strong><\/p>\n<ul>\n<li>12.2. karnevalov\u00e9 dopoledne<\/li>\n<li>31.3. velikono\u010dn\u00ed d\u00edlna pro d\u011bti a rodi\u010de od 15:00 hodin<\/li>\n<li>29.4. m\u00e1mo, t\u00e1to, budeme si hr\u00e1t v na\u0161\u00ed \u0161kolce\u2026\u010carod\u011bjnick\u00e1 stezka na \u0161koln\u00ed zahrad\u011b, od 15:00 hodin<\/li>\n<li>3.6. rozlou\u010den\u00ed s p\u0159ed\u0161kol\u00e1ky od 15:30 hodin<\/li>\n<\/ul>\n<p><strong>Li\u0161ti\u010dek<\/strong><\/p>\n<ul>\n<li>17.,18.3. m\u00e1mo, t\u00e1to, budeme si hr\u00e1t v\u00a0na\u0161\u00ed \u0161kolce &#8211; programov\u00e1n\u00ed s\u00a0robotick\u00fdm pejskem a kr\u00e1l\u00edkem, na dotykov\u00e9m panelu s\u00a0Medv\u00eddkem \u2013 od 15:00 hodin<\/li>\n<li>1.4. velikono\u010dn\u00ed d\u00edlna pro d\u011bti a rodi\u010de od 15:00 hodin<\/li>\n<li>14.,15.4. m\u00e1mo, t\u00e1to, budeme si hr\u00e1t v na\u0161\u00ed \u0161kolce\u2026 na divadlo + ,,Trojl\u00edstek\u201c \u2013 rodi\u010d + d\u00edt\u011b + u\u010ditelka (individu\u00e1ln\u00ed konzultace o postupu ve vzd\u011bl\u00e1v\u00e1n\u00ed d\u00edt\u011bte v M\u0160)<\/li>\n<li>7.5. slav\u00edme Den matek \u2013 wellnes pro maminky v M\u0160 od 16:00 hodin<\/li>\n<li>4.6. rozlou\u010den\u00ed s p\u0159ed\u0161kol\u00e1ky od 15:30 hodin<\/li>\n<\/ul>\n","protected":false},"excerpt":{"rendered":"<p>term\u00edny, pokud nejsou stanoveny, budou v\u010das zve\u0159ejn\u011bny \u00danor 18.2.2026 \u2013 divadlo Kolob\u011b\u017eka v\u00a0mate\u0159sk\u00e9 \u0161kole \u2013 poh\u00e1dka O kohoutkovi a slepi\u010dce, za\u010d\u00e1tek v\u00a008:00 hodin B\u0159ezen 6.3.2026 \u2013 kytarov\u00fd koncert v M\u0160 \u2013 sezn\u00e1men\u00ed s hudbou v\u00e1\u017en\u011b i nev\u00e1\u017en\u011b, od 10:00 hodin 19.3.2026 \u2013 projektov\u00e9 dopoledne v M\u0160 ,,Zachra\u0148 kamar\u00e1da\u201c \u2013 nau\u010d\u00edme se , co to znamen\u00e1 [&hellip;]<\/p>\n","protected":false},"author":1,"featured_media":0,"comment_status":"closed","ping_status":"closed","sticky":false,"template":"","format":"standard","meta":[],"categories":[9],"tags":[],"_links":{"self":[{"href":"https:\/\/skola-zdar.cz\/ms\/wp-json\/wp\/v2\/posts\/1932"}],"collection":[{"href":"https:\/\/skola-zdar.cz\/ms\/wp-json\/wp\/v2\/posts"}],"about":[{"href":"https:\/\/skola-zdar.cz\/ms\/wp-json\/wp\/v2\/types\/post"}],"author":[{"embeddable":true,"href":"https:\/\/skola-zdar.cz\/ms\/wp-json\/wp\/v2\/users\/1"}],"replies":[{"embeddable":true,"href":"https:\/\/skola-zdar.cz\/ms\/wp-json\/wp\/v2\/comments?post=1932"}],"version-history":[{"count":4,"href":"https:\/\/skola-zdar.cz\/ms\/wp-json\/wp\/v2\/posts\/1932\/revisions"}],"predecessor-version":[{"id":1936,"href":"https:\/\/skola-zdar.cz\/ms\/wp-json\/wp\/v2\/posts\/1932\/revisions\/1936"}],"wp:attachment":[{"href":"https:\/\/skola-zdar.cz\/ms\/wp-json\/wp\/v2\/media?parent=1932"}],"wp:term":[{"taxonomy":"category","embeddable":true,"href":"https:\/\/skola-zdar.cz\/ms\/wp-json\/wp\/v2\/categories?post=1932"},{"taxonomy":"post_tag","embeddable":true,"href":"https:\/\/skola-zdar.cz\/ms\/wp-json\/wp\/v2\/tags?post=1932"}],"curies":[{"name":"wp","href":"https:\/\/api.w.org\/{rel}","templated":true}]}}